{"id":3066,"date":"2023-06-28T12:49:27","date_gmt":"2023-06-28T10:49:27","guid":{"rendered":"https:\/\/silveco.eu\/trends-in-der-veterinaermedizin-auf-jubilaeumskonferenz\/"},"modified":"2023-08-21T11:13:48","modified_gmt":"2023-08-21T09:13:48","slug":"trends-in-der-veterinaermedizin-auf-jubilaeumskonferenz","status":"publish","type":"post","link":"https:\/\/silveco.eu\/de\/trends-in-der-veterinaermedizin-auf-jubilaeumskonferenz\/","title":{"rendered":"Trends in der Veterin\u00e4rmedizin auf Jubil\u00e4umskonferenz"},"content":{"rendered":"\n<h2 class=\"wp-block-heading\">Am 22. und 23. Juni nahmen wir an der internationalen wissenschaftlichen Konferenz in Polanica Zdr\u00f3j teil. Die Konferenz fand unter dem Motto &#8222;QUO VADIS, VETERINARIA?&#8220; statt.<\/h2>\n\n<p><\/p>\n\n<p>Bei der 25. Jubil\u00e4umsausgabe der Konferenz wurden Entwicklungstrends in der Veterin\u00e4rmedizin er\u00f6rtert. Zu den behandelten Themen geh\u00f6rten die Physiologie und Pathologie der Wiederk\u00e4uer, die Fortpflanzung von Rindern und Erkrankungen der Milchdr\u00fcse.<\/p>\n\n<p>An der Veranstaltung nahmen prominente nationale und internationale Fachleute teil.<\/p>\n\n<p>Organisatoren der Konferenz:<\/p>\n\n<p>Abteilung f\u00fcr Fortpflanzung mit Tierklinik UPW r,<br\/>Polnische Gesellschaft f\u00fcr Veterin\u00e4rwissenschaft,<br\/>Ausschuss f\u00fcr Veterin\u00e4rwissenschaften und Reproduktionsbiologie der Polnischen Akademie der Wissenschaften ,<br\/>Kurtheater in Polanica-Zdr\u00f3j.<\/p>\n\n<p>.<\/p>\n","protected":false},"excerpt":{"rendered":"<p>Am 22. und 23. Juni nahmen wir an der internationalen wissenschaftlichen Konferenz in Polanica Zdr\u00f3j teil. Die Konferenz fand unter dem Motto &#8222;QUO VADIS, VETERINARIA?&#8220; statt. Bei der 25. Jubil\u00e4umsausgabe der Konferenz wurden Entwicklungstrends in der Veterin\u00e4rmedizin er\u00f6rtert. Zu den behandelten Themen geh\u00f6rten die Physiologie und Pathologie der Wiederk\u00e4uer, die Fortpflanzung von Rindern und Erkrankungen [&hellip;]<\/p>\n","protected":false},"author":4,"featured_media":2290,"comment_status":"open","ping_status":"open","sticky":false,"template":"","format":"standard","meta":{"_acf_changed":false,"inline_featured_image":false,"footnotes":""},"categories":[102],"tags":[119],"class_list":["post-3066","post","type-post","status-publish","format-standard","has-post-thumbnail","hentry","category-aktuelles","tag-veterinarmedizin"],"acf":[],"yoast_head":"<!-- This site is optimized with the Yoast SEO plugin v26.4 - https:\/\/yoast.com\/wordpress\/plugins\/seo\/ -->\n<title>Trends in der Veterin\u00e4rmedizin auf Jubil\u00e4umskonferenz - Silveco<\/title>\n<meta name=\"robots\" content=\"noindex, nofollow\" \/>\n<meta property=\"og:locale\" content=\"de_DE\" \/>\n<meta property=\"og:type\" content=\"article\" \/>\n<meta property=\"og:title\" content=\"Trends in der Veterin\u00e4rmedizin auf Jubil\u00e4umskonferenz - Silveco\" \/>\n<meta property=\"og:description\" content=\"Am 22. und 23. Juni nahmen wir an der internationalen wissenschaftlichen Konferenz in Polanica Zdr\u00f3j teil. Die Konferenz fand unter dem Motto &#8222;QUO VADIS, VETERINARIA?&#8220; statt. Bei der 25. Jubil\u00e4umsausgabe der Konferenz wurden Entwicklungstrends in der Veterin\u00e4rmedizin er\u00f6rtert. Zu den behandelten Themen geh\u00f6rten die Physiologie und Pathologie der Wiederk\u00e4uer, die Fortpflanzung von Rindern und Erkrankungen [&hellip;]\" \/>\n<meta property=\"og:url\" content=\"https:\/\/silveco.eu\/de\/trends-in-der-veterinaermedizin-auf-jubilaeumskonferenz\/\" \/>\n<meta property=\"og:site_name\" content=\"Silveco\" \/>\n<meta property=\"article:published_time\" content=\"2023-06-28T10:49:27+00:00\" \/>\n<meta property=\"article:modified_time\" content=\"2023-08-21T09:13:48+00:00\" \/>\n<meta property=\"og:image\" content=\"https:\/\/silveco.eu\/wp-content\/uploads\/2023\/06\/konferenbcja.jpg\" \/>\n\t<meta property=\"og:image:width\" content=\"1500\" \/>\n\t<meta property=\"og:image:height\" content=\"2000\" \/>\n\t<meta property=\"og:image:type\" content=\"image\/jpeg\" \/>\n<meta name=\"author\" content=\"ppsmartnano\" \/>\n<meta name=\"twitter:card\" content=\"summary_large_image\" \/>\n<meta name=\"twitter:label1\" content=\"Verfasst von\" \/>\n\t<meta name=\"twitter:data1\" content=\"ppsmartnano\" \/>\n\t<meta name=\"twitter:label2\" content=\"Gesch\u00e4tzte Lesezeit\" \/>\n\t<meta name=\"twitter:data2\" content=\"1\u00a0Minute\" \/>\n<script type=\"application\/ld+json\" class=\"yoast-schema-graph\">{\"@context\":\"https:\/\/schema.org\",\"@graph\":[{\"@type\":\"Article\",\"@id\":\"https:\/\/silveco.eu\/de\/trends-in-der-veterinaermedizin-auf-jubilaeumskonferenz\/#article\",\"isPartOf\":{\"@id\":\"https:\/\/silveco.eu\/de\/trends-in-der-veterinaermedizin-auf-jubilaeumskonferenz\/\"},\"author\":{\"name\":\"ppsmartnano\",\"@id\":\"https:\/\/silveco.eu\/#\/schema\/person\/61bd34dd21f8cabb6183e26f8a0d7347\"},\"headline\":\"Trends in der Veterin\u00e4rmedizin auf Jubil\u00e4umskonferenz\",\"datePublished\":\"2023-06-28T10:49:27+00:00\",\"dateModified\":\"2023-08-21T09:13:48+00:00\",\"mainEntityOfPage\":{\"@id\":\"https:\/\/silveco.eu\/de\/trends-in-der-veterinaermedizin-auf-jubilaeumskonferenz\/\"},\"wordCount\":112,\"commentCount\":0,\"publisher\":{\"@id\":\"https:\/\/silveco.eu\/#organization\"},\"image\":{\"@id\":\"https:\/\/silveco.eu\/de\/trends-in-der-veterinaermedizin-auf-jubilaeumskonferenz\/#primaryimage\"},\"thumbnailUrl\":\"https:\/\/silveco.eu\/wp-content\/uploads\/2023\/06\/konferenbcja.jpg\",\"keywords\":[\"Veterin\u00e4rmedizin\"],\"articleSection\":[\"AKTUELLES\"],\"inLanguage\":\"de\",\"potentialAction\":[{\"@type\":\"CommentAction\",\"name\":\"Comment\",\"target\":[\"https:\/\/silveco.eu\/de\/trends-in-der-veterinaermedizin-auf-jubilaeumskonferenz\/#respond\"]}]},{\"@type\":\"WebPage\",\"@id\":\"https:\/\/silveco.eu\/de\/trends-in-der-veterinaermedizin-auf-jubilaeumskonferenz\/\",\"url\":\"https:\/\/silveco.eu\/de\/trends-in-der-veterinaermedizin-auf-jubilaeumskonferenz\/\",\"name\":\"Trends in der Veterin\u00e4rmedizin auf Jubil\u00e4umskonferenz - Silveco\",\"isPartOf\":{\"@id\":\"https:\/\/silveco.eu\/#website\"},\"primaryImageOfPage\":{\"@id\":\"https:\/\/silveco.eu\/de\/trends-in-der-veterinaermedizin-auf-jubilaeumskonferenz\/#primaryimage\"},\"image\":{\"@id\":\"https:\/\/silveco.eu\/de\/trends-in-der-veterinaermedizin-auf-jubilaeumskonferenz\/#primaryimage\"},\"thumbnailUrl\":\"https:\/\/silveco.eu\/wp-content\/uploads\/2023\/06\/konferenbcja.jpg\",\"datePublished\":\"2023-06-28T10:49:27+00:00\",\"dateModified\":\"2023-08-21T09:13:48+00:00\",\"breadcrumb\":{\"@id\":\"https:\/\/silveco.eu\/de\/trends-in-der-veterinaermedizin-auf-jubilaeumskonferenz\/#breadcrumb\"},\"inLanguage\":\"de\",\"potentialAction\":[{\"@type\":\"ReadAction\",\"target\":[\"https:\/\/silveco.eu\/de\/trends-in-der-veterinaermedizin-auf-jubilaeumskonferenz\/\"]}]},{\"@type\":\"ImageObject\",\"inLanguage\":\"de\",\"@id\":\"https:\/\/silveco.eu\/de\/trends-in-der-veterinaermedizin-auf-jubilaeumskonferenz\/#primaryimage\",\"url\":\"https:\/\/silveco.eu\/wp-content\/uploads\/2023\/06\/konferenbcja.jpg\",\"contentUrl\":\"https:\/\/silveco.eu\/wp-content\/uploads\/2023\/06\/konferenbcja.jpg\",\"width\":1500,\"height\":2000},{\"@type\":\"BreadcrumbList\",\"@id\":\"https:\/\/silveco.eu\/de\/trends-in-der-veterinaermedizin-auf-jubilaeumskonferenz\/#breadcrumb\",\"itemListElement\":[{\"@type\":\"ListItem\",\"position\":1,\"name\":\"Strona g\u0142\u00f3wna\",\"item\":\"https:\/\/silveco.eu\/de\/\"},{\"@type\":\"ListItem\",\"position\":2,\"name\":\"Trends in der Veterin\u00e4rmedizin auf Jubil\u00e4umskonferenz\"}]},{\"@type\":\"WebSite\",\"@id\":\"https:\/\/silveco.eu\/#website\",\"url\":\"https:\/\/silveco.eu\/\",\"name\":\"Silveco\",\"description\":\"Twoje wsparcie w hodowli\",\"publisher\":{\"@id\":\"https:\/\/silveco.eu\/#organization\"},\"potentialAction\":[{\"@type\":\"SearchAction\",\"target\":{\"@type\":\"EntryPoint\",\"urlTemplate\":\"https:\/\/silveco.eu\/?s={search_term_string}\"},\"query-input\":{\"@type\":\"PropertyValueSpecification\",\"valueRequired\":true,\"valueName\":\"search_term_string\"}}],\"inLanguage\":\"de\"},{\"@type\":\"Organization\",\"@id\":\"https:\/\/silveco.eu\/#organization\",\"name\":\"Silveco\",\"url\":\"https:\/\/silveco.eu\/\",\"logo\":{\"@type\":\"ImageObject\",\"inLanguage\":\"de\",\"@id\":\"https:\/\/silveco.eu\/#\/schema\/logo\/image\/\",\"url\":\"https:\/\/silveco.eu\/wp-content\/uploads\/2023\/03\/image-16.svg\",\"contentUrl\":\"https:\/\/silveco.eu\/wp-content\/uploads\/2023\/03\/image-16.svg\",\"width\":217,\"height\":40,\"caption\":\"Silveco\"},\"image\":{\"@id\":\"https:\/\/silveco.eu\/#\/schema\/logo\/image\/\"}},{\"@type\":\"Person\",\"@id\":\"https:\/\/silveco.eu\/#\/schema\/person\/61bd34dd21f8cabb6183e26f8a0d7347\",\"name\":\"ppsmartnano\",\"image\":{\"@type\":\"ImageObject\",\"inLanguage\":\"de\",\"@id\":\"https:\/\/silveco.eu\/#\/schema\/person\/image\/\",\"url\":\"https:\/\/secure.gravatar.com\/avatar\/002296dffb12fe4b1a704d3a346d392bb6638b75d3c4ee0b0e023a7d6d55d4b9?s=96&d=mm&r=g\",\"contentUrl\":\"https:\/\/secure.gravatar.com\/avatar\/002296dffb12fe4b1a704d3a346d392bb6638b75d3c4ee0b0e023a7d6d55d4b9?s=96&d=mm&r=g\",\"caption\":\"ppsmartnano\"},\"url\":\"https:\/\/silveco.eu\/de\/author\/ppiontek\/\"}]}<\/script>\n<!-- \/ Yoast SEO plugin. -->","yoast_head_json":{"title":"Trends in der Veterin\u00e4rmedizin auf Jubil\u00e4umskonferenz - Silveco","robots":{"index":"noindex","follow":"nofollow"},"og_locale":"de_DE","og_type":"article","og_title":"Trends in der Veterin\u00e4rmedizin auf Jubil\u00e4umskonferenz - Silveco","og_description":"Am 22. und 23. Juni nahmen wir an der internationalen wissenschaftlichen Konferenz in Polanica Zdr\u00f3j teil. Die Konferenz fand unter dem Motto &#8222;QUO VADIS, VETERINARIA?&#8220; statt. Bei der 25. Jubil\u00e4umsausgabe der Konferenz wurden Entwicklungstrends in der Veterin\u00e4rmedizin er\u00f6rtert. Zu den behandelten Themen geh\u00f6rten die Physiologie und Pathologie der Wiederk\u00e4uer, die Fortpflanzung von Rindern und Erkrankungen [&hellip;]","og_url":"https:\/\/silveco.eu\/de\/trends-in-der-veterinaermedizin-auf-jubilaeumskonferenz\/","og_site_name":"Silveco","article_published_time":"2023-06-28T10:49:27+00:00","article_modified_time":"2023-08-21T09:13:48+00:00","og_image":[{"width":1500,"height":2000,"url":"https:\/\/silveco.eu\/wp-content\/uploads\/2023\/06\/konferenbcja.jpg","type":"image\/jpeg"}],"author":"ppsmartnano","twitter_card":"summary_large_image","twitter_misc":{"Verfasst von":"ppsmartnano","Gesch\u00e4tzte Lesezeit":"1\u00a0Minute"},"schema":{"@context":"https:\/\/schema.org","@graph":[{"@type":"Article","@id":"https:\/\/silveco.eu\/de\/trends-in-der-veterinaermedizin-auf-jubilaeumskonferenz\/#article","isPartOf":{"@id":"https:\/\/silveco.eu\/de\/trends-in-der-veterinaermedizin-auf-jubilaeumskonferenz\/"},"author":{"name":"ppsmartnano","@id":"https:\/\/silveco.eu\/#\/schema\/person\/61bd34dd21f8cabb6183e26f8a0d7347"},"headline":"Trends in der Veterin\u00e4rmedizin auf Jubil\u00e4umskonferenz","datePublished":"2023-06-28T10:49:27+00:00","dateModified":"2023-08-21T09:13:48+00:00","mainEntityOfPage":{"@id":"https:\/\/silveco.eu\/de\/trends-in-der-veterinaermedizin-auf-jubilaeumskonferenz\/"},"wordCount":112,"commentCount":0,"publisher":{"@id":"https:\/\/silveco.eu\/#organization"},"image":{"@id":"https:\/\/silveco.eu\/de\/trends-in-der-veterinaermedizin-auf-jubilaeumskonferenz\/#primaryimage"},"thumbnailUrl":"https:\/\/silveco.eu\/wp-content\/uploads\/2023\/06\/konferenbcja.jpg","keywords":["Veterin\u00e4rmedizin"],"articleSection":["AKTUELLES"],"inLanguage":"de","potentialAction":[{"@type":"CommentAction","name":"Comment","target":["https:\/\/silveco.eu\/de\/trends-in-der-veterinaermedizin-auf-jubilaeumskonferenz\/#respond"]}]},{"@type":"WebPage","@id":"https:\/\/silveco.eu\/de\/trends-in-der-veterinaermedizin-auf-jubilaeumskonferenz\/","url":"https:\/\/silveco.eu\/de\/trends-in-der-veterinaermedizin-auf-jubilaeumskonferenz\/","name":"Trends in der Veterin\u00e4rmedizin auf Jubil\u00e4umskonferenz - Silveco","isPartOf":{"@id":"https:\/\/silveco.eu\/#website"},"primaryImageOfPage":{"@id":"https:\/\/silveco.eu\/de\/trends-in-der-veterinaermedizin-auf-jubilaeumskonferenz\/#primaryimage"},"image":{"@id":"https:\/\/silveco.eu\/de\/trends-in-der-veterinaermedizin-auf-jubilaeumskonferenz\/#primaryimage"},"thumbnailUrl":"https:\/\/silveco.eu\/wp-content\/uploads\/2023\/06\/konferenbcja.jpg","datePublished":"2023-06-28T10:49:27+00:00","dateModified":"2023-08-21T09:13:48+00:00","breadcrumb":{"@id":"https:\/\/silveco.eu\/de\/trends-in-der-veterinaermedizin-auf-jubilaeumskonferenz\/#breadcrumb"},"inLanguage":"de","potentialAction":[{"@type":"ReadAction","target":["https:\/\/silveco.eu\/de\/trends-in-der-veterinaermedizin-auf-jubilaeumskonferenz\/"]}]},{"@type":"ImageObject","inLanguage":"de","@id":"https:\/\/silveco.eu\/de\/trends-in-der-veterinaermedizin-auf-jubilaeumskonferenz\/#primaryimage","url":"https:\/\/silveco.eu\/wp-content\/uploads\/2023\/06\/konferenbcja.jpg","contentUrl":"https:\/\/silveco.eu\/wp-content\/uploads\/2023\/06\/konferenbcja.jpg","width":1500,"height":2000},{"@type":"BreadcrumbList","@id":"https:\/\/silveco.eu\/de\/trends-in-der-veterinaermedizin-auf-jubilaeumskonferenz\/#breadcrumb","itemListElement":[{"@type":"ListItem","position":1,"name":"Strona g\u0142\u00f3wna","item":"https:\/\/silveco.eu\/de\/"},{"@type":"ListItem","position":2,"name":"Trends in der Veterin\u00e4rmedizin auf Jubil\u00e4umskonferenz"}]},{"@type":"WebSite","@id":"https:\/\/silveco.eu\/#website","url":"https:\/\/silveco.eu\/","name":"Silveco","description":"Twoje wsparcie w hodowli","publisher":{"@id":"https:\/\/silveco.eu\/#organization"},"potentialAction":[{"@type":"SearchAction","target":{"@type":"EntryPoint","urlTemplate":"https:\/\/silveco.eu\/?s={search_term_string}"},"query-input":{"@type":"PropertyValueSpecification","valueRequired":true,"valueName":"search_term_string"}}],"inLanguage":"de"},{"@type":"Organization","@id":"https:\/\/silveco.eu\/#organization","name":"Silveco","url":"https:\/\/silveco.eu\/","logo":{"@type":"ImageObject","inLanguage":"de","@id":"https:\/\/silveco.eu\/#\/schema\/logo\/image\/","url":"https:\/\/silveco.eu\/wp-content\/uploads\/2023\/03\/image-16.svg","contentUrl":"https:\/\/silveco.eu\/wp-content\/uploads\/2023\/03\/image-16.svg","width":217,"height":40,"caption":"Silveco"},"image":{"@id":"https:\/\/silveco.eu\/#\/schema\/logo\/image\/"}},{"@type":"Person","@id":"https:\/\/silveco.eu\/#\/schema\/person\/61bd34dd21f8cabb6183e26f8a0d7347","name":"ppsmartnano","image":{"@type":"ImageObject","inLanguage":"de","@id":"https:\/\/silveco.eu\/#\/schema\/person\/image\/","url":"https:\/\/secure.gravatar.com\/avatar\/002296dffb12fe4b1a704d3a346d392bb6638b75d3c4ee0b0e023a7d6d55d4b9?s=96&d=mm&r=g","contentUrl":"https:\/\/secure.gravatar.com\/avatar\/002296dffb12fe4b1a704d3a346d392bb6638b75d3c4ee0b0e023a7d6d55d4b9?s=96&d=mm&r=g","caption":"ppsmartnano"},"url":"https:\/\/silveco.eu\/de\/author\/ppiontek\/"}]}},"_links":{"self":[{"href":"https:\/\/silveco.eu\/de\/wp-json\/wp\/v2\/posts\/3066","targetHints":{"allow":["GET"]}}],"collection":[{"href":"https:\/\/silveco.eu\/de\/wp-json\/wp\/v2\/posts"}],"about":[{"href":"https:\/\/silveco.eu\/de\/wp-json\/wp\/v2\/types\/post"}],"author":[{"embeddable":true,"href":"https:\/\/silveco.eu\/de\/wp-json\/wp\/v2\/users\/4"}],"replies":[{"embeddable":true,"href":"https:\/\/silveco.eu\/de\/wp-json\/wp\/v2\/comments?post=3066"}],"version-history":[{"count":1,"href":"https:\/\/silveco.eu\/de\/wp-json\/wp\/v2\/posts\/3066\/revisions"}],"predecessor-version":[{"id":3067,"href":"https:\/\/silveco.eu\/de\/wp-json\/wp\/v2\/posts\/3066\/revisions\/3067"}],"wp:featuredmedia":[{"embeddable":true,"href":"https:\/\/silveco.eu\/de\/wp-json\/wp\/v2\/media\/2290"}],"wp:attachment":[{"href":"https:\/\/silveco.eu\/de\/wp-json\/wp\/v2\/media?parent=3066"}],"wp:term":[{"taxonomy":"category","embeddable":true,"href":"https:\/\/silveco.eu\/de\/wp-json\/wp\/v2\/categories?post=3066"},{"taxonomy":"post_tag","embeddable":true,"href":"https:\/\/silveco.eu\/de\/wp-json\/wp\/v2\/tags?post=3066"}],"curies":[{"name":"wp","href":"https:\/\/api.w.org\/{rel}","templated":true}]}}